{"id":213412,"date":"2022-07-18T10:48:52","date_gmt":"2022-07-18T10:48:52","guid":{"rendered":"https:\/\/arc.coop\/2022\/07\/18\/nortlan-sintegra-a-arc-cooperativa-per-continuar-promovent-les-assegurances-etiques\/"},"modified":"2023-05-26T15:31:31","modified_gmt":"2023-05-26T15:31:31","slug":"nortlan-se-integra-en-arc-cooperativa-para-seguir-promoviendo-los-seguros-eticos","status":"publish","type":"post","link":"https:\/\/arc.coop\/es\/2022\/07\/18\/nortlan-se-integra-en-arc-cooperativa-para-seguir-promoviendo-los-seguros-eticos\/","title":{"rendered":"Nortlan se integra en Ar\u00e7 Cooperativa para seguir promoviendo los seguros \u00e9ticos"},"content":{"rendered":"<p><span style=\"font-weight: 400;\">Despu\u00e9s de seis a\u00f1os impulsando los seguros \u00e9ticos y solidarios, <\/span><strong><a href=\"https:\/\/nortlan.com\/\">Nortlan<\/a> se incorpora a Ar\u00e7 Cooperativa para dar continuidad al proyecto de la empresa en el Pa\u00eds Vasco.\u00a0<\/strong> <b><\/b><\/p>\n<p><span style=\"font-weight: 400;\"><b>Nortlan es la primera corredur\u00eda de seguros \u00e9tica y solidaria del Pa\u00eds Vasco. <\/b>Su creaci\u00f3n supuso un antes y un despu\u00e9s en el mundo de los seguros en el Pa\u00eds Vasco, ya que revolucion\u00f3 el sector bas\u00e1ndose en la innovaci\u00f3n social y fomentando la Responsabilidad Social Empresarial (RSE) de las pymes.<\/span><\/p>\n<p><span style=\"font-weight: 400;\">El objetivo de esta integraci\u00f3n es seguir ofreciendo unos <strong>seguros que generen un impacto social y ambiental positivo<\/strong>, <strong>ampliando la base de clientes en el Pa\u00eds Vasco<\/strong> y <strong>mejorando nuestra capacidad de atenci\u00f3n y servicio en el territorio<\/strong>. Las personas y entidades clientes de Nortlan mantendr\u00e1n sus seguros con las mismas condiciones, coberturas y precios. Adem\u00e1s, las marcas convivir\u00e1n durante un m\u00ednimo de un a\u00f1o, con Ar\u00e7 Cooperativa como cara visible.\u00a0<\/span><\/p>\n<p><span style=\"font-weight: 400;\">Estamos seguras de que con esta alianza llegaremos m\u00e1s lejos en la promoci\u00f3n de las finanzas \u00e9ticas y solidarias.<\/span><\/p>\n","protected":false},"excerpt":{"rendered":"<p>Despu\u00e9s de seis a\u00f1os impulsando los seguros \u00e9ticos y solidarios, Nortlan se incorpora a Ar\u00e7 Cooperativa para dar continuidad al proyecto de la empresa en el Pa\u00eds Vasco.\u00a0 Nortlan es la primera corredur\u00eda de seguros \u00e9tica y solidaria del Pa\u00eds Vasco. Su creaci\u00f3n supuso un antes y un despu\u00e9s en el mundo de los seguros [&hellip;]<\/p>\n","protected":false},"author":2,"featured_media":187601,"comment_status":"closed","ping_status":"open","sticky":false,"template":"","format":"standard","meta":{"_monsterinsights_skip_tracking":false,"_monsterinsights_sitenote_active":false,"_monsterinsights_sitenote_note":"","_monsterinsights_sitenote_category":0,"footnotes":""},"categories":[86,654,965],"tags":[981,967,959,929],"class_list":["post-213412","post","type-post","status-publish","format-standard","has-post-thumbnail","hentry","category-actualidad","category-economia-solidaria-es","category-finances-etiques-es","tag-febea-es","tag-fets-es","tag-finances-etiques-es","tag-asseguranca-etica-es"],"yoast_head":"<!-- This site is optimized with the Yoast SEO plugin v25.6 - https:\/\/yoast.com\/wordpress\/plugins\/seo\/ -->\n<title>Nortlan se integra en Ar\u00e7 Cooperativa para seguir promoviendo los seguros \u00e9ticos - Ar\u00e7 Cooperativa<\/title>\n<meta name=\"description\" content=\"Despu\u00e9s de seis a\u00f1os impulsando los seguros \u00e9ticos y solidarios en el Pa\u00eds Vasco, la cooperativa Nortlan se incorpora a Ar\u00e7 Cooperativa\" \/>\n<meta name=\"robots\" content=\"index, follow, max-snippet:-1, max-image-preview:large, max-video-preview:-1\" \/>\n<link rel=\"canonical\" href=\"https:\/\/arc.coop\/es\/2022\/07\/18\/nortlan-se-integra-en-arc-cooperativa-para-seguir-promoviendo-los-seguros-eticos\/\" \/>\n<meta property=\"og:locale\" content=\"es_ES\" \/>\n<meta property=\"og:type\" content=\"article\" \/>\n<meta property=\"og:title\" content=\"Nortlan se integra en Ar\u00e7 Cooperativa para seguir promoviendo los seguros \u00e9ticos - Ar\u00e7 Cooperativa\" \/>\n<meta property=\"og:description\" content=\"Despu\u00e9s de seis a\u00f1os impulsando los seguros \u00e9ticos y solidarios en el Pa\u00eds Vasco, la cooperativa Nortlan se incorpora a Ar\u00e7 Cooperativa\" \/>\n<meta property=\"og:url\" content=\"https:\/\/arc.coop\/es\/2022\/07\/18\/nortlan-se-integra-en-arc-cooperativa-para-seguir-promoviendo-los-seguros-eticos\/\" \/>\n<meta property=\"og:site_name\" content=\"Ar\u00e7 Cooperativa\" \/>\n<meta property=\"article:publisher\" content=\"https:\/\/www.facebook.com\/projectearc\/\" \/>\n<meta property=\"article:author\" content=\"https:\/\/www.facebook.com\/projectearc\/\" \/>\n<meta property=\"article:published_time\" content=\"2022-07-18T10:48:52+00:00\" \/>\n<meta property=\"article:modified_time\" content=\"2023-05-26T15:31:31+00:00\" \/>\n<meta property=\"og:image\" content=\"https:\/\/arc.coop\/wp-content\/uploads\/2022\/07\/nortlan-arc_SLIDE_WEB_3-1080x675-1.jpeg\" \/>\n\t<meta property=\"og:image:width\" content=\"1080\" \/>\n\t<meta property=\"og:image:height\" content=\"675\" \/>\n\t<meta property=\"og:image:type\" content=\"image\/jpeg\" \/>\n<meta name=\"author\" content=\"Comunicaci\u00f3\" \/>\n<meta name=\"twitter:card\" content=\"summary_large_image\" \/>\n<meta name=\"twitter:creator\" content=\"@arc_coop\" \/>\n<meta name=\"twitter:site\" content=\"@arc_coop\" \/>\n<meta name=\"twitter:label1\" content=\"Escrito por\" \/>\n\t<meta name=\"twitter:data1\" content=\"Comunicaci\u00f3\" \/>\n\t<meta name=\"twitter:label2\" content=\"Tiempo de lectura\" \/>\n\t<meta name=\"twitter:data2\" content=\"1 minuto\" \/>\n<script type=\"application\/ld+json\" class=\"yoast-schema-graph\">{\"@context\":\"https:\/\/schema.org\",\"@graph\":[{\"@type\":\"Article\",\"@id\":\"https:\/\/arc.coop\/es\/2022\/07\/18\/nortlan-se-integra-en-arc-cooperativa-para-seguir-promoviendo-los-seguros-eticos\/#article\",\"isPartOf\":{\"@id\":\"https:\/\/arc.coop\/es\/2022\/07\/18\/nortlan-se-integra-en-arc-cooperativa-para-seguir-promoviendo-los-seguros-eticos\/\"},\"author\":{\"name\":\"Comunicaci\u00f3\",\"@id\":\"https:\/\/arc.coop\/es\/#\/schema\/person\/ce98a25a4c7244d25ab7b2661d5ec593\"},\"headline\":\"Nortlan se integra en Ar\u00e7 Cooperativa para seguir promoviendo los seguros \u00e9ticos\",\"datePublished\":\"2022-07-18T10:48:52+00:00\",\"dateModified\":\"2023-05-26T15:31:31+00:00\",\"mainEntityOfPage\":{\"@id\":\"https:\/\/arc.coop\/es\/2022\/07\/18\/nortlan-se-integra-en-arc-cooperativa-para-seguir-promoviendo-los-seguros-eticos\/\"},\"wordCount\":201,\"publisher\":{\"@id\":\"https:\/\/arc.coop\/es\/#organization\"},\"image\":{\"@id\":\"https:\/\/arc.coop\/es\/2022\/07\/18\/nortlan-se-integra-en-arc-cooperativa-para-seguir-promoviendo-los-seguros-eticos\/#primaryimage\"},\"thumbnailUrl\":\"https:\/\/arc.coop\/wp-content\/uploads\/2022\/07\/nortlan-arc_SLIDE_WEB_3-1080x675-1.jpeg\",\"keywords\":[\"FEBEA\",\"FETS\",\"finanzas \u00e9ticas\",\"seguro \u00e9tico\"],\"articleSection\":[\"Actualidad\",\"Econom\u00eda Solidaria\",\"Finanzas \u00c9ticas\"],\"inLanguage\":\"es\"},{\"@type\":\"WebPage\",\"@id\":\"https:\/\/arc.coop\/es\/2022\/07\/18\/nortlan-se-integra-en-arc-cooperativa-para-seguir-promoviendo-los-seguros-eticos\/\",\"url\":\"https:\/\/arc.coop\/es\/2022\/07\/18\/nortlan-se-integra-en-arc-cooperativa-para-seguir-promoviendo-los-seguros-eticos\/\",\"name\":\"Nortlan se integra en Ar\u00e7 Cooperativa para seguir promoviendo los seguros \u00e9ticos - Ar\u00e7 Cooperativa\",\"isPartOf\":{\"@id\":\"https:\/\/arc.coop\/es\/#website\"},\"primaryImageOfPage\":{\"@id\":\"https:\/\/arc.coop\/es\/2022\/07\/18\/nortlan-se-integra-en-arc-cooperativa-para-seguir-promoviendo-los-seguros-eticos\/#primaryimage\"},\"image\":{\"@id\":\"https:\/\/arc.coop\/es\/2022\/07\/18\/nortlan-se-integra-en-arc-cooperativa-para-seguir-promoviendo-los-seguros-eticos\/#primaryimage\"},\"thumbnailUrl\":\"https:\/\/arc.coop\/wp-content\/uploads\/2022\/07\/nortlan-arc_SLIDE_WEB_3-1080x675-1.jpeg\",\"datePublished\":\"2022-07-18T10:48:52+00:00\",\"dateModified\":\"2023-05-26T15:31:31+00:00\",\"description\":\"Despu\u00e9s de seis a\u00f1os impulsando los seguros \u00e9ticos y solidarios en el Pa\u00eds Vasco, la cooperativa Nortlan se incorpora a Ar\u00e7 Cooperativa\",\"breadcrumb\":{\"@id\":\"https:\/\/arc.coop\/es\/2022\/07\/18\/nortlan-se-integra-en-arc-cooperativa-para-seguir-promoviendo-los-seguros-eticos\/#breadcrumb\"},\"inLanguage\":\"es\",\"potentialAction\":[{\"@type\":\"ReadAction\",\"target\":[\"https:\/\/arc.coop\/es\/2022\/07\/18\/nortlan-se-integra-en-arc-cooperativa-para-seguir-promoviendo-los-seguros-eticos\/\"]}]},{\"@type\":\"ImageObject\",\"inLanguage\":\"es\",\"@id\":\"https:\/\/arc.coop\/es\/2022\/07\/18\/nortlan-se-integra-en-arc-cooperativa-para-seguir-promoviendo-los-seguros-eticos\/#primaryimage\",\"url\":\"https:\/\/arc.coop\/wp-content\/uploads\/2022\/07\/nortlan-arc_SLIDE_WEB_3-1080x675-1.jpeg\",\"contentUrl\":\"https:\/\/arc.coop\/wp-content\/uploads\/2022\/07\/nortlan-arc_SLIDE_WEB_3-1080x675-1.jpeg\",\"width\":1080,\"height\":675},{\"@type\":\"BreadcrumbList\",\"@id\":\"https:\/\/arc.coop\/es\/2022\/07\/18\/nortlan-se-integra-en-arc-cooperativa-para-seguir-promoviendo-los-seguros-eticos\/#breadcrumb\",\"itemListElement\":[{\"@type\":\"ListItem\",\"position\":1,\"name\":\"Inici\",\"item\":\"https:\/\/arc.coop\/es\/\"},{\"@type\":\"ListItem\",\"position\":2,\"name\":\"Nortlan se integra en Ar\u00e7 Cooperativa para seguir promoviendo los seguros \u00e9ticos\"}]},{\"@type\":\"WebSite\",\"@id\":\"https:\/\/arc.coop\/es\/#website\",\"url\":\"https:\/\/arc.coop\/es\/\",\"name\":\"Ar\u00e7 Cooperativa\",\"description\":\"Assegurem comprom\u00eds\",\"publisher\":{\"@id\":\"https:\/\/arc.coop\/es\/#organization\"},\"potentialAction\":[{\"@type\":\"SearchAction\",\"target\":{\"@type\":\"EntryPoint\",\"urlTemplate\":\"https:\/\/arc.coop\/es\/?s={search_term_string}\"},\"query-input\":{\"@type\":\"PropertyValueSpecification\",\"valueRequired\":true,\"valueName\":\"search_term_string\"}}],\"inLanguage\":\"es\"},{\"@type\":\"Organization\",\"@id\":\"https:\/\/arc.coop\/es\/#organization\",\"name\":\"Ar\u00e7 Cooperativa\",\"url\":\"https:\/\/arc.coop\/es\/\",\"logo\":{\"@type\":\"ImageObject\",\"inLanguage\":\"es\",\"@id\":\"https:\/\/arc.coop\/es\/#\/schema\/logo\/image\/\",\"url\":\"https:\/\/arc.coop\/wp-content\/uploads\/2024\/06\/logo-arc\u00a6o.png\",\"contentUrl\":\"https:\/\/arc.coop\/wp-content\/uploads\/2024\/06\/logo-arc\u00a6o.png\",\"width\":400,\"height\":400,\"caption\":\"Ar\u00e7 Cooperativa\"},\"image\":{\"@id\":\"https:\/\/arc.coop\/es\/#\/schema\/logo\/image\/\"},\"sameAs\":[\"https:\/\/www.facebook.com\/projectearc\/\",\"https:\/\/x.com\/arc_coop\"]},{\"@type\":\"Person\",\"@id\":\"https:\/\/arc.coop\/es\/#\/schema\/person\/ce98a25a4c7244d25ab7b2661d5ec593\",\"name\":\"Comunicaci\u00f3\",\"image\":{\"@type\":\"ImageObject\",\"inLanguage\":\"es\",\"@id\":\"https:\/\/arc.coop\/es\/#\/schema\/person\/image\/\",\"url\":\"https:\/\/secure.gravatar.com\/avatar\/365dfcf0c88e1d20dea6f7afda28f94914bd66049b30541653a0d8bc52083f9c?s=96&d=mm&r=g\",\"contentUrl\":\"https:\/\/secure.gravatar.com\/avatar\/365dfcf0c88e1d20dea6f7afda28f94914bd66049b30541653a0d8bc52083f9c?s=96&d=mm&r=g\",\"caption\":\"Comunicaci\u00f3\"},\"sameAs\":[\"https:\/\/www.facebook.com\/projectearc\/\",\"https:\/\/x.com\/arc_coop\"],\"url\":\"https:\/\/arc.coop\/es\/author\/comunicacio\/\"}]}<\/script>\n<!-- \/ Yoast SEO plugin. -->","yoast_head_json":{"title":"Nortlan se integra en Ar\u00e7 Cooperativa para seguir promoviendo los seguros \u00e9ticos - Ar\u00e7 Cooperativa","description":"Despu\u00e9s de seis a\u00f1os impulsando los seguros \u00e9ticos y solidarios en el Pa\u00eds Vasco, la cooperativa Nortlan se incorpora a Ar\u00e7 Cooperativa","robots":{"index":"index","follow":"follow","max-snippet":"max-snippet:-1","max-image-preview":"max-image-preview:large","max-video-preview":"max-video-preview:-1"},"canonical":"https:\/\/arc.coop\/es\/2022\/07\/18\/nortlan-se-integra-en-arc-cooperativa-para-seguir-promoviendo-los-seguros-eticos\/","og_locale":"es_ES","og_type":"article","og_title":"Nortlan se integra en Ar\u00e7 Cooperativa para seguir promoviendo los seguros \u00e9ticos - Ar\u00e7 Cooperativa","og_description":"Despu\u00e9s de seis a\u00f1os impulsando los seguros \u00e9ticos y solidarios en el Pa\u00eds Vasco, la cooperativa Nortlan se incorpora a Ar\u00e7 Cooperativa","og_url":"https:\/\/arc.coop\/es\/2022\/07\/18\/nortlan-se-integra-en-arc-cooperativa-para-seguir-promoviendo-los-seguros-eticos\/","og_site_name":"Ar\u00e7 Cooperativa","article_publisher":"https:\/\/www.facebook.com\/projectearc\/","article_author":"https:\/\/www.facebook.com\/projectearc\/","article_published_time":"2022-07-18T10:48:52+00:00","article_modified_time":"2023-05-26T15:31:31+00:00","og_image":[{"width":1080,"height":675,"url":"https:\/\/arc.coop\/wp-content\/uploads\/2022\/07\/nortlan-arc_SLIDE_WEB_3-1080x675-1.jpeg","type":"image\/jpeg"}],"author":"Comunicaci\u00f3","twitter_card":"summary_large_image","twitter_creator":"@arc_coop","twitter_site":"@arc_coop","twitter_misc":{"Escrito por":"Comunicaci\u00f3","Tiempo de lectura":"1 minuto"},"schema":{"@context":"https:\/\/schema.org","@graph":[{"@type":"Article","@id":"https:\/\/arc.coop\/es\/2022\/07\/18\/nortlan-se-integra-en-arc-cooperativa-para-seguir-promoviendo-los-seguros-eticos\/#article","isPartOf":{"@id":"https:\/\/arc.coop\/es\/2022\/07\/18\/nortlan-se-integra-en-arc-cooperativa-para-seguir-promoviendo-los-seguros-eticos\/"},"author":{"name":"Comunicaci\u00f3","@id":"https:\/\/arc.coop\/es\/#\/schema\/person\/ce98a25a4c7244d25ab7b2661d5ec593"},"headline":"Nortlan se integra en Ar\u00e7 Cooperativa para seguir promoviendo los seguros \u00e9ticos","datePublished":"2022-07-18T10:48:52+00:00","dateModified":"2023-05-26T15:31:31+00:00","mainEntityOfPage":{"@id":"https:\/\/arc.coop\/es\/2022\/07\/18\/nortlan-se-integra-en-arc-cooperativa-para-seguir-promoviendo-los-seguros-eticos\/"},"wordCount":201,"publisher":{"@id":"https:\/\/arc.coop\/es\/#organization"},"image":{"@id":"https:\/\/arc.coop\/es\/2022\/07\/18\/nortlan-se-integra-en-arc-cooperativa-para-seguir-promoviendo-los-seguros-eticos\/#primaryimage"},"thumbnailUrl":"https:\/\/arc.coop\/wp-content\/uploads\/2022\/07\/nortlan-arc_SLIDE_WEB_3-1080x675-1.jpeg","keywords":["FEBEA","FETS","finanzas \u00e9ticas","seguro \u00e9tico"],"articleSection":["Actualidad","Econom\u00eda Solidaria","Finanzas \u00c9ticas"],"inLanguage":"es"},{"@type":"WebPage","@id":"https:\/\/arc.coop\/es\/2022\/07\/18\/nortlan-se-integra-en-arc-cooperativa-para-seguir-promoviendo-los-seguros-eticos\/","url":"https:\/\/arc.coop\/es\/2022\/07\/18\/nortlan-se-integra-en-arc-cooperativa-para-seguir-promoviendo-los-seguros-eticos\/","name":"Nortlan se integra en Ar\u00e7 Cooperativa para seguir promoviendo los seguros \u00e9ticos - Ar\u00e7 Cooperativa","isPartOf":{"@id":"https:\/\/arc.coop\/es\/#website"},"primaryImageOfPage":{"@id":"https:\/\/arc.coop\/es\/2022\/07\/18\/nortlan-se-integra-en-arc-cooperativa-para-seguir-promoviendo-los-seguros-eticos\/#primaryimage"},"image":{"@id":"https:\/\/arc.coop\/es\/2022\/07\/18\/nortlan-se-integra-en-arc-cooperativa-para-seguir-promoviendo-los-seguros-eticos\/#primaryimage"},"thumbnailUrl":"https:\/\/arc.coop\/wp-content\/uploads\/2022\/07\/nortlan-arc_SLIDE_WEB_3-1080x675-1.jpeg","datePublished":"2022-07-18T10:48:52+00:00","dateModified":"2023-05-26T15:31:31+00:00","description":"Despu\u00e9s de seis a\u00f1os impulsando los seguros \u00e9ticos y solidarios en el Pa\u00eds Vasco, la cooperativa Nortlan se incorpora a Ar\u00e7 Cooperativa","breadcrumb":{"@id":"https:\/\/arc.coop\/es\/2022\/07\/18\/nortlan-se-integra-en-arc-cooperativa-para-seguir-promoviendo-los-seguros-eticos\/#breadcrumb"},"inLanguage":"es","potentialAction":[{"@type":"ReadAction","target":["https:\/\/arc.coop\/es\/2022\/07\/18\/nortlan-se-integra-en-arc-cooperativa-para-seguir-promoviendo-los-seguros-eticos\/"]}]},{"@type":"ImageObject","inLanguage":"es","@id":"https:\/\/arc.coop\/es\/2022\/07\/18\/nortlan-se-integra-en-arc-cooperativa-para-seguir-promoviendo-los-seguros-eticos\/#primaryimage","url":"https:\/\/arc.coop\/wp-content\/uploads\/2022\/07\/nortlan-arc_SLIDE_WEB_3-1080x675-1.jpeg","contentUrl":"https:\/\/arc.coop\/wp-content\/uploads\/2022\/07\/nortlan-arc_SLIDE_WEB_3-1080x675-1.jpeg","width":1080,"height":675},{"@type":"BreadcrumbList","@id":"https:\/\/arc.coop\/es\/2022\/07\/18\/nortlan-se-integra-en-arc-cooperativa-para-seguir-promoviendo-los-seguros-eticos\/#breadcrumb","itemListElement":[{"@type":"ListItem","position":1,"name":"Inici","item":"https:\/\/arc.coop\/es\/"},{"@type":"ListItem","position":2,"name":"Nortlan se integra en Ar\u00e7 Cooperativa para seguir promoviendo los seguros \u00e9ticos"}]},{"@type":"WebSite","@id":"https:\/\/arc.coop\/es\/#website","url":"https:\/\/arc.coop\/es\/","name":"Ar\u00e7 Cooperativa","description":"Assegurem comprom\u00eds","publisher":{"@id":"https:\/\/arc.coop\/es\/#organization"},"potentialAction":[{"@type":"SearchAction","target":{"@type":"EntryPoint","urlTemplate":"https:\/\/arc.coop\/es\/?s={search_term_string}"},"query-input":{"@type":"PropertyValueSpecification","valueRequired":true,"valueName":"search_term_string"}}],"inLanguage":"es"},{"@type":"Organization","@id":"https:\/\/arc.coop\/es\/#organization","name":"Ar\u00e7 Cooperativa","url":"https:\/\/arc.coop\/es\/","logo":{"@type":"ImageObject","inLanguage":"es","@id":"https:\/\/arc.coop\/es\/#\/schema\/logo\/image\/","url":"https:\/\/arc.coop\/wp-content\/uploads\/2024\/06\/logo-arc\u00a6o.png","contentUrl":"https:\/\/arc.coop\/wp-content\/uploads\/2024\/06\/logo-arc\u00a6o.png","width":400,"height":400,"caption":"Ar\u00e7 Cooperativa"},"image":{"@id":"https:\/\/arc.coop\/es\/#\/schema\/logo\/image\/"},"sameAs":["https:\/\/www.facebook.com\/projectearc\/","https:\/\/x.com\/arc_coop"]},{"@type":"Person","@id":"https:\/\/arc.coop\/es\/#\/schema\/person\/ce98a25a4c7244d25ab7b2661d5ec593","name":"Comunicaci\u00f3","image":{"@type":"ImageObject","inLanguage":"es","@id":"https:\/\/arc.coop\/es\/#\/schema\/person\/image\/","url":"https:\/\/secure.gravatar.com\/avatar\/365dfcf0c88e1d20dea6f7afda28f94914bd66049b30541653a0d8bc52083f9c?s=96&d=mm&r=g","contentUrl":"https:\/\/secure.gravatar.com\/avatar\/365dfcf0c88e1d20dea6f7afda28f94914bd66049b30541653a0d8bc52083f9c?s=96&d=mm&r=g","caption":"Comunicaci\u00f3"},"sameAs":["https:\/\/www.facebook.com\/projectearc\/","https:\/\/x.com\/arc_coop"],"url":"https:\/\/arc.coop\/es\/author\/comunicacio\/"}]}},"_links":{"self":[{"href":"https:\/\/arc.coop\/es\/wp-json\/wp\/v2\/posts\/213412","targetHints":{"allow":["GET"]}}],"collection":[{"href":"https:\/\/arc.coop\/es\/wp-json\/wp\/v2\/posts"}],"about":[{"href":"https:\/\/arc.coop\/es\/wp-json\/wp\/v2\/types\/post"}],"author":[{"embeddable":true,"href":"https:\/\/arc.coop\/es\/wp-json\/wp\/v2\/users\/2"}],"replies":[{"embeddable":true,"href":"https:\/\/arc.coop\/es\/wp-json\/wp\/v2\/comments?post=213412"}],"version-history":[{"count":2,"href":"https:\/\/arc.coop\/es\/wp-json\/wp\/v2\/posts\/213412\/revisions"}],"predecessor-version":[{"id":214132,"href":"https:\/\/arc.coop\/es\/wp-json\/wp\/v2\/posts\/213412\/revisions\/214132"}],"wp:featuredmedia":[{"embeddable":true,"href":"https:\/\/arc.coop\/es\/wp-json\/wp\/v2\/media\/187601"}],"wp:attachment":[{"href":"https:\/\/arc.coop\/es\/wp-json\/wp\/v2\/media?parent=213412"}],"wp:term":[{"taxonomy":"category","embeddable":true,"href":"https:\/\/arc.coop\/es\/wp-json\/wp\/v2\/categories?post=213412"},{"taxonomy":"post_tag","embeddable":true,"href":"https:\/\/arc.coop\/es\/wp-json\/wp\/v2\/tags?post=213412"}],"curies":[{"name":"wp","href":"https:\/\/api.w.org\/{rel}","templated":true}]}}