{"id":213421,"date":"2022-03-16T09:59:19","date_gmt":"2022-03-16T09:59:19","guid":{"rendered":"https:\/\/arc.coop\/2022\/03\/16\/lasseguranca-gestionada-amb-criteris-etics-un-element-clau-en-la-compra-publica-responsable\/"},"modified":"2023-06-08T11:52:21","modified_gmt":"2023-06-08T11:52:21","slug":"los-seguros-gestionados-con-criterios-eticos-un-elemento-clave-en-la-compra-publica-responsable","status":"publish","type":"post","link":"https:\/\/arc.coop\/es\/2022\/03\/16\/los-seguros-gestionados-con-criterios-eticos-un-elemento-clave-en-la-compra-publica-responsable\/","title":{"rendered":"Los seguros gestionados con criterios \u00e9ticos: un elemento clave en la compra p\u00fablica responsable"},"content":{"rendered":"<ul>\n<li>\n<h5><strong>Por primera vez, el sello EthSI de seguros \u00e9ticos y solidarios ha sido una pieza clave en la resoluci\u00f3n de un concurso de la Administraci\u00f3n p\u00fablica<\/strong><\/h5>\n<\/li>\n<li>\n<h5><strong>Ar\u00e7 Cooperativa, corredur\u00eda que gestionaremos los contratos de seguros adjudicados, es la primera entidad mediadora registrada con el sello EthSI para la gesti\u00f3n \u00e9tica de seguros<\/strong><\/h5>\n<\/li>\n<\/ul>\n<p>El pasado 23 de febrero, el <strong>Ayuntamiento de Matar\u00f3<\/strong> public\u00f3 la <a href=\"https:\/\/contractaciopublica.gencat.cat\/ecofin_pscp\/AppJava\/notice.pscp?reqCode=viewCn&amp;idDoc=85458248\">adjudicaci\u00f3n del contrato del servicio de seguros de hogar del programa<\/a> <a href=\"https:\/\/www.mataro.cat\/sites\/lloguem\"><strong>Lloguem! \u2013 Yes, We Rent!<\/strong><\/a> Es la primera vez que la <strong>gesti\u00f3n \u00e9tica y solidaria de los seguros<\/strong> se convierte en uno de los <strong>criterios puntuables de adjudicaci\u00f3n<\/strong> en un concurso p\u00fablico.<\/p>\n<p>Ar\u00e7 Cooperativa, la <strong>primera corredur\u00eda de seguros certificada con el <\/strong><a href=\"https:\/\/ethsi.net\/\"><strong>sello EthSI<\/strong><\/a> (Ethical and Solidarity Based Insurance), seremos las encargadas de gestionar los dos servicios ganadores de la licitaci\u00f3n.<\/p>\n<p>Los servicios adjudicados son el seguro de impago y defensa jur\u00eddica y el seguro multirriesgo de hogar de las viviendas del proyecto <a href=\"https:\/\/www.mataro.cat\/sites\/lloguem\"><strong>Lloguem!<\/strong><strong> \u2013 Yes, We Rent!<\/strong><\/a> impulsado por el Ayuntamiento de Matar\u00f3. Se trata de una <strong>iniciativa para promover la vivienda de alquiler sostenible<\/strong> en la capital de El Maresme.<\/p>\n<p>El proyecto ofrece, por una parte, una oferta asequible para las inquilinas y, por otra, una opci\u00f3n segura y ventajosa para las propietarias, tanto para cobrar los alquileres como para adecuar o reformar las viviendas.<\/p>\n<h4>El sello EthSI y los seguros \u00e9ticos y solidarios<\/h4>\n<p>En esta licitaci\u00f3n, Ar\u00e7 Cooperativa hemos hecho de intermediarias entre las necesidades aseguradoras del consistorio mataron\u00e9s y las empresas aseguradoras que ofrecen el producto asegurador y que, por lo tanto, asumen el riesgo. Nuestra corredur\u00eda de seguros <strong>est\u00e1 registrada<\/strong> con el <a href=\"https:\/\/ethsi.net\/\"><strong>sello EthSI<\/strong><\/a> para la gesti\u00f3n de <a href=\"https:\/\/arc.coop\/es\/seguros-eticos\/\">seguros \u00e9ticos y solidarios<\/a> con el m\u00e1ximo nivel de registro.<\/p>\n<p>El sello <a href=\"https:\/\/ethsi.net\/\"><strong>EthSI<\/strong><\/a> es un distintivo que valora la calidad en la gesti\u00f3n de las compa\u00f1\u00edas de seguros, las corredur\u00edas y las gestoras. Tambi\u00e9n certifica los productos aseguradores de las entidades registradas. El sello reivindica la <strong>gesti\u00f3n \u00e9tica<\/strong> de las organizaciones con respecto a las inversiones y la <strong>responsabilidad social<\/strong>. Tambi\u00e9n tiene en cuenta el fomento de la sostenibilidad social y ambiental y la transparencia de las entidades.<\/p>\n<p>Los seguros son una forma de financiaci\u00f3n anticipada, un servicio financiero como la banca y el cr\u00e9dito. En el sector asegurador, igual que en la banca, la inversi\u00f3n es la principal fuente de beneficios. En 2020, en el Estado espa\u00f1ol el sector asegurador gestion\u00f3 un volumen de 325.000 millones de euros en inversiones, seg\u00fan la Direcci\u00f3n General de Seguros [1]. Por lo tanto, es imprescindible concebir los seguros \u00e9ticos como una parte del sistema integral de las finanzas \u00e9ticas.<\/p>\n<p><img loading=\"lazy\" decoding=\"async\" class=\"aligncenter size-full wp-image-214605\" src=\"https:\/\/arc.coop\/wp-content\/uploads\/2022\/03\/ethsi-seguro-etico-web-copia.jpg\" alt=\"\" width=\"820\" height=\"512\" srcset=\"https:\/\/arc.coop\/wp-content\/uploads\/2022\/03\/ethsi-seguro-etico-web-copia-200x125.jpg 200w, https:\/\/arc.coop\/wp-content\/uploads\/2022\/03\/ethsi-seguro-etico-web-copia-300x187.jpg 300w, https:\/\/arc.coop\/wp-content\/uploads\/2022\/03\/ethsi-seguro-etico-web-copia-400x250.jpg 400w, https:\/\/arc.coop\/wp-content\/uploads\/2022\/03\/ethsi-seguro-etico-web-copia-600x375.jpg 600w, https:\/\/arc.coop\/wp-content\/uploads\/2022\/03\/ethsi-seguro-etico-web-copia-768x480.jpg 768w, https:\/\/arc.coop\/wp-content\/uploads\/2022\/03\/ethsi-seguro-etico-web-copia-800x500.jpg 800w, https:\/\/arc.coop\/wp-content\/uploads\/2022\/03\/ethsi-seguro-etico-web-copia.jpg 820w\" sizes=\"auto, (max-width: 820px) 100vw, 820px\" \/><\/p>\n<h4>La compra p\u00fablica responsable y los seguros \u00e9ticos<\/h4>\n<p>La <strong>compra p\u00fablica responsable<\/strong> integra los <strong>aspectos sociales, \u00e9ticos y ambientales <\/strong>en los <strong>procesos y fases<\/strong> de la <strong>contrataci\u00f3n p\u00fablica.<\/strong> La compra p\u00fablica, pues, se considera responsable si las administraciones tienen en cuenta las caracter\u00edsticas t\u00e9cnicas sociales, \u00e9ticas y ambientales del producto o servicio a la hora de contratarlo. [2]<\/p>\n<p>Durante los \u00faltimos a\u00f1os, el marco legal y normativo ha favorecido cada vez m\u00e1s la compra p\u00fablica responsable. La meta 17.2 de los <strong>Objetivos de Desarrollo Sostenible (ODS)<\/strong>, por ejemplo, recoge la necesidad de <strong>promover pr\u00e1cticas sostenibles de adquisici\u00f3n p\u00fablica<\/strong>.<\/p>\n<p>En el Estado espa\u00f1ol, la <strong>Ley de Contratos del Sector P\u00fablico 9\/2017<\/strong> marc\u00f3 un punto de inflexi\u00f3n importante, ya que en el art\u00edculo 1.3 indica que \u00aben toda <strong>contrataci\u00f3n p\u00fablica<\/strong> se incorporar\u00e1n de manera transversal y preceptiva <strong>criterios sociales y medioambientales<\/strong> siempre que guarde relaci\u00f3n con el objeto del contrato\u00bb.<\/p>\n<p>A pesar de este cambio de tendencia y de un marco normativo m\u00e1s favorable, hasta ahora la compra responsable de <a href=\"https:\/\/arc.coop\/es\/seguros-eticos\/\">servicios de seguros con principios \u00e9ticos y solidarios<\/a> estaba limitada a contratos menores. Un ejemplo de esto son los seguros de responsabilidad civil y de accidentes de las trabajadoras de los ayuntamientos de Monistrol de Calders (El Moian\u00e8s) y Capafonts (El Baix Camp), que gestionamos desde Ar\u00e7 Cooperativa.<\/p>\n<p>La <a href=\"https:\/\/contractaciopublica.gencat.cat\/ecofin_pscp\/AppJava\/notice.pscp?reqCode=viewCn&amp;idDoc=85458248\">resoluci\u00f3n de la adjudicaci\u00f3n<\/a> del Ayuntamiento de Matar\u00f3 demuestra que, m\u00e1s all\u00e1 del precio o de las coberturas de un seguro, tambi\u00e9n se pueden tener en cuenta <strong>aspectos \u00e9ticos y solidarios<\/strong> en las pautas de adjudicaci\u00f3n de un <strong>contrato de seguro mediante un concurso p\u00fablico<\/strong>.<\/p>\n<p><img loading=\"lazy\" decoding=\"async\" class=\"aligncenter wp-image-171160 size-large\" src=\"https:\/\/arc.coop\/wp-content\/uploads\/2022\/03\/pexels-rodnae-productions-8293778-1024x683.jpg\" alt=\"manos llaves\" width=\"1024\" height=\"683\" srcset=\"https:\/\/arc.coop\/wp-content\/uploads\/2022\/03\/pexels-rodnae-productions-8293778-200x133.jpg 200w, https:\/\/arc.coop\/wp-content\/uploads\/2022\/03\/pexels-rodnae-productions-8293778-300x200.jpg 300w, https:\/\/arc.coop\/wp-content\/uploads\/2022\/03\/pexels-rodnae-productions-8293778-400x267.jpg 400w, https:\/\/arc.coop\/wp-content\/uploads\/2022\/03\/pexels-rodnae-productions-8293778-600x400.jpg 600w, https:\/\/arc.coop\/wp-content\/uploads\/2022\/03\/pexels-rodnae-productions-8293778-768x512.jpg 768w, https:\/\/arc.coop\/wp-content\/uploads\/2022\/03\/pexels-rodnae-productions-8293778-800x533.jpg 800w, https:\/\/arc.coop\/wp-content\/uploads\/2022\/03\/pexels-rodnae-productions-8293778-1024x683.jpg 1024w, https:\/\/arc.coop\/wp-content\/uploads\/2022\/03\/pexels-rodnae-productions-8293778-1200x800.jpg 1200w, https:\/\/arc.coop\/wp-content\/uploads\/2022\/03\/pexels-rodnae-productions-8293778-1536x1024.jpg 1536w\" sizes=\"auto, (max-width: 1024px) 100vw, 1024px\" \/><\/p>\n<h4>Ar\u00e7 Cooperativa, parte del engranaje para un alquiler asequible<\/h4>\n<p>Con el proyecto <a href=\"https:\/\/www.mataro.cat\/sites\/lloguem\"><strong>Lloguem! \u2013 Yes, We Rent!<\/strong><\/a>, <strong>el Ayuntamiento de Matar\u00f3<\/strong> tiene el objetivo de incidir en el mercado de alquiler de la ciudad. El Consistorio quiere promover una <strong>vivienda de alquiler asequible para las inquilinas<\/strong> y, al mismo tiempo, establecer un mecanismo de cobro de alquiler <strong>seguro para las propietarias<\/strong>. En esta situaci\u00f3n, los seguros se convierten en una herramienta de financiaci\u00f3n comunitaria de vital importancia.<\/p>\n<p>Adem\u00e1s, este programa ha impulsado la creaci\u00f3n de <a href=\"https:\/\/bloc.coop\/ca\/\"><strong>Bloc Cooperatiu<\/strong><\/a>, la <strong>primera<\/strong> <strong>cooperativa de inquilinas de Europa<\/strong> encargada de gestionar la bolsa de pisos, crear una comunidad conectada y garantizar una relaci\u00f3n favorable con las propietarias y las inquilinas. <a href=\"https:\/\/bloc.coop\/ca\/\">Bloc Cooperatiu<\/a> ha contado con el acompa\u00f1amiento de la <a href=\"http:\/\/www.cooperadorsdemataro.coop\/ca\">Fundaci\u00f3n Uni\u00f3n de Cooperadoras de Matar\u00f3<\/a> y el asesoramiento del <a href=\"https:\/\/www.cronda.coop\/\">Colectivo Ronda<\/a> y la <a href=\"https:\/\/catedraeconomiasocial.tecnocampus.cat\/\">C\u00e1tedra de Econom\u00eda Social del TecnoCampus<\/a>.<\/p>\n<p>En este contexto de cooperaci\u00f3n entre administraciones, ciudadan\u00eda y cooperativas para la promoci\u00f3n de un alquiler asequible, Ar\u00e7 Cooperativa nos integramos como un agente m\u00e1s en esta red. No solo somos la corredur\u00eda que gestionar\u00e1 los seguros de este proyecto del Ayuntamiento de Matar\u00f3, sino que tambi\u00e9n asesoramos y ofrecemos seguros \u00e9ticos a las inquilinas del Bloc Cooperatiu.<\/p>\n<p>En <strong>Ar\u00e7 Cooperativa<\/strong> trabajamos por la <strong>transformaci\u00f3n social<\/strong> a trav\u00e9s de nuestra actividad econ\u00f3mica, la <a href=\"https:\/\/arc.coop\/es\/seguros-eticos\/\">gesti\u00f3n \u00e9tica y solidaria de los programas de seguros<\/a>.<\/p>\n<h4><strong>Referencias<\/strong><\/h4>\n<p>[1] Observatorio de las Finanzas \u00c9ticas (2021): \u00abBar\u00f2metre 2020 de les finances \u00e8tiques\u00bb. En <a href=\"https:\/\/fets.org\/wp-content\/uploads\/2021\/11\/Barometre2020_CAT.pdf\">https:\/\/fets.org\/wp-content\/uploads\/2021\/11\/Barometre2020_CAT.pdf<\/a><\/p>\n<p>[2] Ortega, A. y Portabella, O. (12 de noviembre de 2021): \u00abCompra P\u00fablica Responsable: un bon tom\u00e0quet\u00bb. Visto en Opcions. En <a href=\"https:\/\/opcions.org\/agrada\/compra-publica-responsable\/\">https:\/\/opcions.org\/agrada\/compra-publica-responsable\/<\/a><\/p>\n<p>Fotograf\u00edas de <a href=\"https:\/\/unsplash.com\/@gallarotti?utm_source=unsplash&amp;utm_medium=referral&amp;utm_content=creditCopyText\">Francesco Gallarotti<\/a> de<a href=\"https:\/\/unsplash.com\/s\/photos\/plant-documents?utm_source=unsplash&amp;utm_medium=referral&amp;utm_content=creditCopyText\"> Unsplash<\/a> y de\u00a0<a href=\"https:\/\/www.pexels.com\/ca-es\/@rodnae-prod?utm_content=attributionCopyText&amp;utm_medium=referral&amp;utm_source=pexels\">RODNAE Productions<\/a>\u00a0de\u00a0<a href=\"https:\/\/www.pexels.com\/ca-es\/foto\/mans-casa-sostenint-propietat-8293778\/?utm_content=attributionCopyText&amp;utm_medium=referral&amp;utm_source=pexels\">Pexels<\/a><\/p>\n","protected":false},"excerpt":{"rendered":"<p>Por primera vez, el sello EthSI de seguros \u00e9ticos y solidarios ha sido una pieza clave en la resoluci\u00f3n de un concurso de la Administraci\u00f3n p\u00fablica Ar\u00e7 Cooperativa, corredur\u00eda que gestionaremos los contratos de seguros adjudicados, es la primera entidad mediadora registrada con el sello EthSI para la gesti\u00f3n \u00e9tica de seguros El pasado 23 [&hellip;]<\/p>\n","protected":false},"author":2,"featured_media":171153,"comment_status":"closed","ping_status":"open","sticky":false,"template":"","format":"standard","meta":{"_monsterinsights_skip_tracking":false,"_monsterinsights_sitenote_active":false,"_monsterinsights_sitenote_note":"","_monsterinsights_sitenote_category":0,"footnotes":""},"categories":[86,654],"tags":[931,920,946,967,968,930,947,939],"class_list":["post-213421","post","type-post","status-publish","format-standard","has-post-thumbnail","hentry","category-actualidad","category-economia-solidaria-es","tag-cooperativa-es","tag-cooperativisme-es","tag-ethsi-es","tag-fets-es","tag-observatori-de-les-finances-etiques-es","tag-asseguranca-etica-i-solidaria-es","tag-segell-ethsi-es","tag-habitatge-es"],"yoast_head":"<!-- This site is optimized with the Yoast SEO plugin v25.6 - https:\/\/yoast.com\/wordpress\/plugins\/seo\/ -->\n<title>Los seguros gestionados con criterios \u00e9ticos: un elemento clave en la compra p\u00fablica responsable - Ar\u00e7 Cooperativa<\/title>\n<meta name=\"description\" content=\"Por primera vez, el sello EthSI de seguros \u00e9ticos ha sido una pieza clave en la resoluci\u00f3n de un concurso de la Administraci\u00f3n p\u00fablica\" \/>\n<meta name=\"robots\" content=\"index, follow, max-snippet:-1, max-image-preview:large, max-video-preview:-1\" \/>\n<link rel=\"canonical\" href=\"https:\/\/arc.coop\/es\/2022\/03\/16\/los-seguros-gestionados-con-criterios-eticos-un-elemento-clave-en-la-compra-publica-responsable\/\" \/>\n<meta property=\"og:locale\" content=\"es_ES\" \/>\n<meta property=\"og:type\" content=\"article\" \/>\n<meta property=\"og:title\" content=\"Los seguros gestionados con criterios \u00e9ticos: un elemento clave en la compra p\u00fablica responsable - Ar\u00e7 Cooperativa\" \/>\n<meta property=\"og:description\" content=\"Por primera vez, el sello EthSI de seguros \u00e9ticos ha sido una pieza clave en la resoluci\u00f3n de un concurso de la Administraci\u00f3n p\u00fablica\" \/>\n<meta property=\"og:url\" content=\"https:\/\/arc.coop\/es\/2022\/03\/16\/los-seguros-gestionados-con-criterios-eticos-un-elemento-clave-en-la-compra-publica-responsable\/\" \/>\n<meta property=\"og:site_name\" content=\"Ar\u00e7 Cooperativa\" \/>\n<meta property=\"article:publisher\" content=\"https:\/\/www.facebook.com\/projectearc\/\" \/>\n<meta property=\"article:author\" content=\"https:\/\/www.facebook.com\/projectearc\/\" \/>\n<meta property=\"article:published_time\" content=\"2022-03-16T09:59:19+00:00\" \/>\n<meta property=\"article:modified_time\" content=\"2023-06-08T11:52:21+00:00\" \/>\n<meta property=\"og:image\" content=\"https:\/\/arc.coop\/wp-content\/uploads\/2022\/03\/obra-publica-segell-EthSI-copia.jpg\" \/>\n\t<meta property=\"og:image:width\" content=\"800\" \/>\n\t<meta property=\"og:image:height\" content=\"416\" \/>\n\t<meta property=\"og:image:type\" content=\"image\/jpeg\" \/>\n<meta name=\"author\" content=\"Comunicaci\u00f3\" \/>\n<meta name=\"twitter:card\" content=\"summary_large_image\" \/>\n<meta name=\"twitter:creator\" content=\"@arc_coop\" \/>\n<meta name=\"twitter:site\" content=\"@arc_coop\" \/>\n<meta name=\"twitter:label1\" content=\"Escrito por\" \/>\n\t<meta name=\"twitter:data1\" content=\"Comunicaci\u00f3\" \/>\n\t<meta name=\"twitter:label2\" content=\"Tiempo de lectura\" \/>\n\t<meta name=\"twitter:data2\" content=\"6 minutos\" \/>\n<script type=\"application\/ld+json\" class=\"yoast-schema-graph\">{\"@context\":\"https:\/\/schema.org\",\"@graph\":[{\"@type\":\"Article\",\"@id\":\"https:\/\/arc.coop\/es\/2022\/03\/16\/los-seguros-gestionados-con-criterios-eticos-un-elemento-clave-en-la-compra-publica-responsable\/#article\",\"isPartOf\":{\"@id\":\"https:\/\/arc.coop\/es\/2022\/03\/16\/los-seguros-gestionados-con-criterios-eticos-un-elemento-clave-en-la-compra-publica-responsable\/\"},\"author\":{\"name\":\"Comunicaci\u00f3\",\"@id\":\"https:\/\/arc.coop\/es\/#\/schema\/person\/ce98a25a4c7244d25ab7b2661d5ec593\"},\"headline\":\"Los seguros gestionados con criterios \u00e9ticos: un elemento clave en la compra p\u00fablica responsable\",\"datePublished\":\"2022-03-16T09:59:19+00:00\",\"dateModified\":\"2023-06-08T11:52:21+00:00\",\"mainEntityOfPage\":{\"@id\":\"https:\/\/arc.coop\/es\/2022\/03\/16\/los-seguros-gestionados-con-criterios-eticos-un-elemento-clave-en-la-compra-publica-responsable\/\"},\"wordCount\":1065,\"publisher\":{\"@id\":\"https:\/\/arc.coop\/es\/#organization\"},\"image\":{\"@id\":\"https:\/\/arc.coop\/es\/2022\/03\/16\/los-seguros-gestionados-con-criterios-eticos-un-elemento-clave-en-la-compra-publica-responsable\/#primaryimage\"},\"thumbnailUrl\":\"https:\/\/arc.coop\/wp-content\/uploads\/2022\/03\/obra-publica-segell-EthSI-copia.jpg\",\"keywords\":[\"cooperativa\",\"cooperativismo\",\"EthSI\",\"FETS\",\"Observatori de les Finances \u00c8tiques\",\"seguro \u00e9tico y solidario\",\"sello EthSI\",\"vivienda\"],\"articleSection\":[\"Actualidad\",\"Econom\u00eda Solidaria\"],\"inLanguage\":\"es\"},{\"@type\":\"WebPage\",\"@id\":\"https:\/\/arc.coop\/es\/2022\/03\/16\/los-seguros-gestionados-con-criterios-eticos-un-elemento-clave-en-la-compra-publica-responsable\/\",\"url\":\"https:\/\/arc.coop\/es\/2022\/03\/16\/los-seguros-gestionados-con-criterios-eticos-un-elemento-clave-en-la-compra-publica-responsable\/\",\"name\":\"Los seguros gestionados con criterios \u00e9ticos: un elemento clave en la compra p\u00fablica responsable - Ar\u00e7 Cooperativa\",\"isPartOf\":{\"@id\":\"https:\/\/arc.coop\/es\/#website\"},\"primaryImageOfPage\":{\"@id\":\"https:\/\/arc.coop\/es\/2022\/03\/16\/los-seguros-gestionados-con-criterios-eticos-un-elemento-clave-en-la-compra-publica-responsable\/#primaryimage\"},\"image\":{\"@id\":\"https:\/\/arc.coop\/es\/2022\/03\/16\/los-seguros-gestionados-con-criterios-eticos-un-elemento-clave-en-la-compra-publica-responsable\/#primaryimage\"},\"thumbnailUrl\":\"https:\/\/arc.coop\/wp-content\/uploads\/2022\/03\/obra-publica-segell-EthSI-copia.jpg\",\"datePublished\":\"2022-03-16T09:59:19+00:00\",\"dateModified\":\"2023-06-08T11:52:21+00:00\",\"description\":\"Por primera vez, el sello EthSI de seguros \u00e9ticos ha sido una pieza clave en la resoluci\u00f3n de un concurso de la Administraci\u00f3n p\u00fablica\",\"breadcrumb\":{\"@id\":\"https:\/\/arc.coop\/es\/2022\/03\/16\/los-seguros-gestionados-con-criterios-eticos-un-elemento-clave-en-la-compra-publica-responsable\/#breadcrumb\"},\"inLanguage\":\"es\",\"potentialAction\":[{\"@type\":\"ReadAction\",\"target\":[\"https:\/\/arc.coop\/es\/2022\/03\/16\/los-seguros-gestionados-con-criterios-eticos-un-elemento-clave-en-la-compra-publica-responsable\/\"]}]},{\"@type\":\"ImageObject\",\"inLanguage\":\"es\",\"@id\":\"https:\/\/arc.coop\/es\/2022\/03\/16\/los-seguros-gestionados-con-criterios-eticos-un-elemento-clave-en-la-compra-publica-responsable\/#primaryimage\",\"url\":\"https:\/\/arc.coop\/wp-content\/uploads\/2022\/03\/obra-publica-segell-EthSI-copia.jpg\",\"contentUrl\":\"https:\/\/arc.coop\/wp-content\/uploads\/2022\/03\/obra-publica-segell-EthSI-copia.jpg\",\"width\":800,\"height\":416},{\"@type\":\"BreadcrumbList\",\"@id\":\"https:\/\/arc.coop\/es\/2022\/03\/16\/los-seguros-gestionados-con-criterios-eticos-un-elemento-clave-en-la-compra-publica-responsable\/#breadcrumb\",\"itemListElement\":[{\"@type\":\"ListItem\",\"position\":1,\"name\":\"Inici\",\"item\":\"https:\/\/arc.coop\/es\/\"},{\"@type\":\"ListItem\",\"position\":2,\"name\":\"Los seguros gestionados con criterios \u00e9ticos: un elemento clave en la compra p\u00fablica responsable\"}]},{\"@type\":\"WebSite\",\"@id\":\"https:\/\/arc.coop\/es\/#website\",\"url\":\"https:\/\/arc.coop\/es\/\",\"name\":\"Ar\u00e7 Cooperativa\",\"description\":\"Assegurem comprom\u00eds\",\"publisher\":{\"@id\":\"https:\/\/arc.coop\/es\/#organization\"},\"potentialAction\":[{\"@type\":\"SearchAction\",\"target\":{\"@type\":\"EntryPoint\",\"urlTemplate\":\"https:\/\/arc.coop\/es\/?s={search_term_string}\"},\"query-input\":{\"@type\":\"PropertyValueSpecification\",\"valueRequired\":true,\"valueName\":\"search_term_string\"}}],\"inLanguage\":\"es\"},{\"@type\":\"Organization\",\"@id\":\"https:\/\/arc.coop\/es\/#organization\",\"name\":\"Ar\u00e7 Cooperativa\",\"url\":\"https:\/\/arc.coop\/es\/\",\"logo\":{\"@type\":\"ImageObject\",\"inLanguage\":\"es\",\"@id\":\"https:\/\/arc.coop\/es\/#\/schema\/logo\/image\/\",\"url\":\"https:\/\/arc.coop\/wp-content\/uploads\/2024\/06\/logo-arc\u00a6o.png\",\"contentUrl\":\"https:\/\/arc.coop\/wp-content\/uploads\/2024\/06\/logo-arc\u00a6o.png\",\"width\":400,\"height\":400,\"caption\":\"Ar\u00e7 Cooperativa\"},\"image\":{\"@id\":\"https:\/\/arc.coop\/es\/#\/schema\/logo\/image\/\"},\"sameAs\":[\"https:\/\/www.facebook.com\/projectearc\/\",\"https:\/\/x.com\/arc_coop\"]},{\"@type\":\"Person\",\"@id\":\"https:\/\/arc.coop\/es\/#\/schema\/person\/ce98a25a4c7244d25ab7b2661d5ec593\",\"name\":\"Comunicaci\u00f3\",\"image\":{\"@type\":\"ImageObject\",\"inLanguage\":\"es\",\"@id\":\"https:\/\/arc.coop\/es\/#\/schema\/person\/image\/\",\"url\":\"https:\/\/secure.gravatar.com\/avatar\/365dfcf0c88e1d20dea6f7afda28f94914bd66049b30541653a0d8bc52083f9c?s=96&d=mm&r=g\",\"contentUrl\":\"https:\/\/secure.gravatar.com\/avatar\/365dfcf0c88e1d20dea6f7afda28f94914bd66049b30541653a0d8bc52083f9c?s=96&d=mm&r=g\",\"caption\":\"Comunicaci\u00f3\"},\"sameAs\":[\"https:\/\/www.facebook.com\/projectearc\/\",\"https:\/\/x.com\/arc_coop\"],\"url\":\"https:\/\/arc.coop\/es\/author\/comunicacio\/\"}]}<\/script>\n<!-- \/ Yoast SEO plugin. -->","yoast_head_json":{"title":"Los seguros gestionados con criterios \u00e9ticos: un elemento clave en la compra p\u00fablica responsable - Ar\u00e7 Cooperativa","description":"Por primera vez, el sello EthSI de seguros \u00e9ticos ha sido una pieza clave en la resoluci\u00f3n de un concurso de la Administraci\u00f3n p\u00fablica","robots":{"index":"index","follow":"follow","max-snippet":"max-snippet:-1","max-image-preview":"max-image-preview:large","max-video-preview":"max-video-preview:-1"},"canonical":"https:\/\/arc.coop\/es\/2022\/03\/16\/los-seguros-gestionados-con-criterios-eticos-un-elemento-clave-en-la-compra-publica-responsable\/","og_locale":"es_ES","og_type":"article","og_title":"Los seguros gestionados con criterios \u00e9ticos: un elemento clave en la compra p\u00fablica responsable - Ar\u00e7 Cooperativa","og_description":"Por primera vez, el sello EthSI de seguros \u00e9ticos ha sido una pieza clave en la resoluci\u00f3n de un concurso de la Administraci\u00f3n p\u00fablica","og_url":"https:\/\/arc.coop\/es\/2022\/03\/16\/los-seguros-gestionados-con-criterios-eticos-un-elemento-clave-en-la-compra-publica-responsable\/","og_site_name":"Ar\u00e7 Cooperativa","article_publisher":"https:\/\/www.facebook.com\/projectearc\/","article_author":"https:\/\/www.facebook.com\/projectearc\/","article_published_time":"2022-03-16T09:59:19+00:00","article_modified_time":"2023-06-08T11:52:21+00:00","og_image":[{"width":800,"height":416,"url":"https:\/\/arc.coop\/wp-content\/uploads\/2022\/03\/obra-publica-segell-EthSI-copia.jpg","type":"image\/jpeg"}],"author":"Comunicaci\u00f3","twitter_card":"summary_large_image","twitter_creator":"@arc_coop","twitter_site":"@arc_coop","twitter_misc":{"Escrito por":"Comunicaci\u00f3","Tiempo de lectura":"6 minutos"},"schema":{"@context":"https:\/\/schema.org","@graph":[{"@type":"Article","@id":"https:\/\/arc.coop\/es\/2022\/03\/16\/los-seguros-gestionados-con-criterios-eticos-un-elemento-clave-en-la-compra-publica-responsable\/#article","isPartOf":{"@id":"https:\/\/arc.coop\/es\/2022\/03\/16\/los-seguros-gestionados-con-criterios-eticos-un-elemento-clave-en-la-compra-publica-responsable\/"},"author":{"name":"Comunicaci\u00f3","@id":"https:\/\/arc.coop\/es\/#\/schema\/person\/ce98a25a4c7244d25ab7b2661d5ec593"},"headline":"Los seguros gestionados con criterios \u00e9ticos: un elemento clave en la compra p\u00fablica responsable","datePublished":"2022-03-16T09:59:19+00:00","dateModified":"2023-06-08T11:52:21+00:00","mainEntityOfPage":{"@id":"https:\/\/arc.coop\/es\/2022\/03\/16\/los-seguros-gestionados-con-criterios-eticos-un-elemento-clave-en-la-compra-publica-responsable\/"},"wordCount":1065,"publisher":{"@id":"https:\/\/arc.coop\/es\/#organization"},"image":{"@id":"https:\/\/arc.coop\/es\/2022\/03\/16\/los-seguros-gestionados-con-criterios-eticos-un-elemento-clave-en-la-compra-publica-responsable\/#primaryimage"},"thumbnailUrl":"https:\/\/arc.coop\/wp-content\/uploads\/2022\/03\/obra-publica-segell-EthSI-copia.jpg","keywords":["cooperativa","cooperativismo","EthSI","FETS","Observatori de les Finances \u00c8tiques","seguro \u00e9tico y solidario","sello EthSI","vivienda"],"articleSection":["Actualidad","Econom\u00eda Solidaria"],"inLanguage":"es"},{"@type":"WebPage","@id":"https:\/\/arc.coop\/es\/2022\/03\/16\/los-seguros-gestionados-con-criterios-eticos-un-elemento-clave-en-la-compra-publica-responsable\/","url":"https:\/\/arc.coop\/es\/2022\/03\/16\/los-seguros-gestionados-con-criterios-eticos-un-elemento-clave-en-la-compra-publica-responsable\/","name":"Los seguros gestionados con criterios \u00e9ticos: un elemento clave en la compra p\u00fablica responsable - Ar\u00e7 Cooperativa","isPartOf":{"@id":"https:\/\/arc.coop\/es\/#website"},"primaryImageOfPage":{"@id":"https:\/\/arc.coop\/es\/2022\/03\/16\/los-seguros-gestionados-con-criterios-eticos-un-elemento-clave-en-la-compra-publica-responsable\/#primaryimage"},"image":{"@id":"https:\/\/arc.coop\/es\/2022\/03\/16\/los-seguros-gestionados-con-criterios-eticos-un-elemento-clave-en-la-compra-publica-responsable\/#primaryimage"},"thumbnailUrl":"https:\/\/arc.coop\/wp-content\/uploads\/2022\/03\/obra-publica-segell-EthSI-copia.jpg","datePublished":"2022-03-16T09:59:19+00:00","dateModified":"2023-06-08T11:52:21+00:00","description":"Por primera vez, el sello EthSI de seguros \u00e9ticos ha sido una pieza clave en la resoluci\u00f3n de un concurso de la Administraci\u00f3n p\u00fablica","breadcrumb":{"@id":"https:\/\/arc.coop\/es\/2022\/03\/16\/los-seguros-gestionados-con-criterios-eticos-un-elemento-clave-en-la-compra-publica-responsable\/#breadcrumb"},"inLanguage":"es","potentialAction":[{"@type":"ReadAction","target":["https:\/\/arc.coop\/es\/2022\/03\/16\/los-seguros-gestionados-con-criterios-eticos-un-elemento-clave-en-la-compra-publica-responsable\/"]}]},{"@type":"ImageObject","inLanguage":"es","@id":"https:\/\/arc.coop\/es\/2022\/03\/16\/los-seguros-gestionados-con-criterios-eticos-un-elemento-clave-en-la-compra-publica-responsable\/#primaryimage","url":"https:\/\/arc.coop\/wp-content\/uploads\/2022\/03\/obra-publica-segell-EthSI-copia.jpg","contentUrl":"https:\/\/arc.coop\/wp-content\/uploads\/2022\/03\/obra-publica-segell-EthSI-copia.jpg","width":800,"height":416},{"@type":"BreadcrumbList","@id":"https:\/\/arc.coop\/es\/2022\/03\/16\/los-seguros-gestionados-con-criterios-eticos-un-elemento-clave-en-la-compra-publica-responsable\/#breadcrumb","itemListElement":[{"@type":"ListItem","position":1,"name":"Inici","item":"https:\/\/arc.coop\/es\/"},{"@type":"ListItem","position":2,"name":"Los seguros gestionados con criterios \u00e9ticos: un elemento clave en la compra p\u00fablica responsable"}]},{"@type":"WebSite","@id":"https:\/\/arc.coop\/es\/#website","url":"https:\/\/arc.coop\/es\/","name":"Ar\u00e7 Cooperativa","description":"Assegurem comprom\u00eds","publisher":{"@id":"https:\/\/arc.coop\/es\/#organization"},"potentialAction":[{"@type":"SearchAction","target":{"@type":"EntryPoint","urlTemplate":"https:\/\/arc.coop\/es\/?s={search_term_string}"},"query-input":{"@type":"PropertyValueSpecification","valueRequired":true,"valueName":"search_term_string"}}],"inLanguage":"es"},{"@type":"Organization","@id":"https:\/\/arc.coop\/es\/#organization","name":"Ar\u00e7 Cooperativa","url":"https:\/\/arc.coop\/es\/","logo":{"@type":"ImageObject","inLanguage":"es","@id":"https:\/\/arc.coop\/es\/#\/schema\/logo\/image\/","url":"https:\/\/arc.coop\/wp-content\/uploads\/2024\/06\/logo-arc\u00a6o.png","contentUrl":"https:\/\/arc.coop\/wp-content\/uploads\/2024\/06\/logo-arc\u00a6o.png","width":400,"height":400,"caption":"Ar\u00e7 Cooperativa"},"image":{"@id":"https:\/\/arc.coop\/es\/#\/schema\/logo\/image\/"},"sameAs":["https:\/\/www.facebook.com\/projectearc\/","https:\/\/x.com\/arc_coop"]},{"@type":"Person","@id":"https:\/\/arc.coop\/es\/#\/schema\/person\/ce98a25a4c7244d25ab7b2661d5ec593","name":"Comunicaci\u00f3","image":{"@type":"ImageObject","inLanguage":"es","@id":"https:\/\/arc.coop\/es\/#\/schema\/person\/image\/","url":"https:\/\/secure.gravatar.com\/avatar\/365dfcf0c88e1d20dea6f7afda28f94914bd66049b30541653a0d8bc52083f9c?s=96&d=mm&r=g","contentUrl":"https:\/\/secure.gravatar.com\/avatar\/365dfcf0c88e1d20dea6f7afda28f94914bd66049b30541653a0d8bc52083f9c?s=96&d=mm&r=g","caption":"Comunicaci\u00f3"},"sameAs":["https:\/\/www.facebook.com\/projectearc\/","https:\/\/x.com\/arc_coop"],"url":"https:\/\/arc.coop\/es\/author\/comunicacio\/"}]}},"_links":{"self":[{"href":"https:\/\/arc.coop\/es\/wp-json\/wp\/v2\/posts\/213421","targetHints":{"allow":["GET"]}}],"collection":[{"href":"https:\/\/arc.coop\/es\/wp-json\/wp\/v2\/posts"}],"about":[{"href":"https:\/\/arc.coop\/es\/wp-json\/wp\/v2\/types\/post"}],"author":[{"embeddable":true,"href":"https:\/\/arc.coop\/es\/wp-json\/wp\/v2\/users\/2"}],"replies":[{"embeddable":true,"href":"https:\/\/arc.coop\/es\/wp-json\/wp\/v2\/comments?post=213421"}],"version-history":[{"count":6,"href":"https:\/\/arc.coop\/es\/wp-json\/wp\/v2\/posts\/213421\/revisions"}],"predecessor-version":[{"id":214610,"href":"https:\/\/arc.coop\/es\/wp-json\/wp\/v2\/posts\/213421\/revisions\/214610"}],"wp:featuredmedia":[{"embeddable":true,"href":"https:\/\/arc.coop\/es\/wp-json\/wp\/v2\/media\/171153"}],"wp:attachment":[{"href":"https:\/\/arc.coop\/es\/wp-json\/wp\/v2\/media?parent=213421"}],"wp:term":[{"taxonomy":"category","embeddable":true,"href":"https:\/\/arc.coop\/es\/wp-json\/wp\/v2\/categories?post=213421"},{"taxonomy":"post_tag","embeddable":true,"href":"https:\/\/arc.coop\/es\/wp-json\/wp\/v2\/tags?post=213421"}],"curies":[{"name":"wp","href":"https:\/\/api.w.org\/{rel}","templated":true}]}}